{"id":923,"date":"2026-09-01T09:40:18","date_gmt":"2026-09-01T09:40:18","guid":{"rendered":"https:\/\/civicwatch.cm\/?p=923"},"modified":"2026-09-02T09:40:53","modified_gmt":"2026-09-02T09:40:53","slug":"strengthening-civic-space-journalists-in-bamenda-build-skills-to-respond-to-media-repression-digital-threats","status":"publish","type":"post","link":"https:\/\/civicwatch.cm\/fr\/strengthening-civic-space-journalists-in-bamenda-build-skills-to-respond-to-media-repression-digital-threats\/","title":{"rendered":"Strengthening Civic Space: Journalists in Bamenda Build Skills to Respond to Media Repression, Digital Threats"},"content":{"rendered":"<figure class=\"wp-block-image size-large is-resized\"><img loading=\"lazy\" decoding=\"async\" width=\"1030\" height=\"686\" src=\"https:\/\/civicwatch.cm\/wp-content\/uploads\/2026\/09\/image-1-1030x686.png\" alt=\"\" class=\"wp-image-927\" style=\"aspect-ratio:1.5;width:734px;height:auto\" srcset=\"https:\/\/civicwatch.cm\/wp-content\/uploads\/2026\/09\/image-1-1030x686.png 1030w, https:\/\/civicwatch.cm\/wp-content\/uploads\/2026\/09\/image-1-300x200.png 300w, https:\/\/civicwatch.cm\/wp-content\/uploads\/2026\/09\/image-1-18x12.png 18w, https:\/\/civicwatch.cm\/wp-content\/uploads\/2026\/09\/image-1-767x511.png 767w, https:\/\/civicwatch.cm\/wp-content\/uploads\/2026\/09\/image-1-705x470.png 705w, https:\/\/civicwatch.cm\/wp-content\/uploads\/2026\/09\/image-1.png 1280w\" sizes=\"auto, (max-width: 1030px) 100vw, 1030px\" \/><\/figure>\n\n\n\n<p class=\"wp-block-paragraph\">Journalists in Bamenda continue to navigate a challenging media environment marked by misinformation, hate speech, discrimination, online harassment, digital security threats, restrictions on civic space and violations of their rights. These challenges affect the ability of journalists to effectively inform citizens, promote transparency and accountability, amplify the voices of marginalized communities, encourage civic participation and facilitate informed public dialogue and decision making.<\/p>\n\n\n\n<p class=\"wp-block-paragraph\">Restrictions on press freedom, legal intimidation, arbitrary arrests and detention, censorship, surveillance and limited access to public information continuously place additional pressure on independent journalism. For journalists reporting on governance, human rights, conflict and other sensitive issues, these challenges create an environment of fear and self censorship.<\/p>\n\n\n\n<p class=\"wp-block-paragraph\">In response to this backdrop, Association Civic Watch, with support from the German Federal Foreign Office through the Embassy of the Federal Republic of Germany in Yaound\u00e9, brought together over 50 journalists in Bamenda for a two day capacity building workshop under the theme: \u201cStrengthening Civic Space: Protection of Fundamental Freedoms Through Improved Documentation and Response to Discrimination, Hate Speech and Media Repression.\u201d<\/p>\n\n\n\n<p class=\"wp-block-paragraph\">The workshop provided a platform for journalists to learn, exchange experiences and strengthen practical skills needed to navigate the increasingly complex media&nbsp; environment.<\/p>\n\n\n\n<figure class=\"wp-block-image size-large is-resized\"><img loading=\"lazy\" decoding=\"async\" width=\"1030\" height=\"686\" src=\"https:\/\/civicwatch.cm\/wp-content\/uploads\/2026\/09\/image-3-1030x686.jpeg\" alt=\"\" class=\"wp-image-924\" style=\"aspect-ratio:1.5;width:781px;height:auto\" srcset=\"https:\/\/civicwatch.cm\/wp-content\/uploads\/2026\/09\/image-3-1030x686.jpeg 1030w, https:\/\/civicwatch.cm\/wp-content\/uploads\/2026\/09\/image-3-300x200.jpeg 300w, https:\/\/civicwatch.cm\/wp-content\/uploads\/2026\/09\/image-3-18x12.jpeg 18w, https:\/\/civicwatch.cm\/wp-content\/uploads\/2026\/09\/image-3-767x511.jpeg 767w, https:\/\/civicwatch.cm\/wp-content\/uploads\/2026\/09\/image-3-1536x1024.jpeg 1536w, https:\/\/civicwatch.cm\/wp-content\/uploads\/2026\/09\/image-3-705x470.jpeg 705w, https:\/\/civicwatch.cm\/wp-content\/uploads\/2026\/09\/image-3-1500x1000.jpeg 1500w, https:\/\/civicwatch.cm\/wp-content\/uploads\/2026\/09\/image-3.jpeg 2048w\" sizes=\"auto, (max-width: 1030px) 100vw, 1030px\" \/><\/figure>\n\n\n\n<p class=\"wp-block-paragraph\">Sessions focused on documenting discrimination and human rights violations against journalists, journalism and human rights in the digital age, ethical and conflict sensitive reporting, countering hate speech and discrimination, digital safety and cybersecurity, and protecting journalists, their sources and sensitive information.<\/p>\n\n\n\n<p class=\"wp-block-paragraph\">Through interactive discussions, practical exercises and experience sharing, participants explored how journalists can identify and document discriminatory practices, improve evidence based reporting on human rights violations&nbsp; and apply ethical and conflict sensitive reporting approaches when reporting on sensitive issues within the region.<\/p>\n\n\n\n<p class=\"wp-block-paragraph\">Particular attention was given to the responsibility of journalists to report in ways that protect victims, avoid further harm and contribute to peacebuilding while safeguarding themselves and their sources.<\/p>\n\n\n\n<p class=\"wp-block-paragraph\">The workshop also provided space for journalists to share lived experiences from their professional practice and discuss practical coping mechanisms for dealing with some of the risks associated with their work.<\/p>\n\n\n\n<p class=\"wp-block-paragraph\">At the end of the two day engagement, participants were also expected to leave with improved knowledge on their capacity to identify, prevent and respond to hate speech, discrimination, misinformation, disinformation and online harassment using ethical, conflict sensitive and rights based reporting approaches.<\/p>\n\n\n\n<p class=\"wp-block-paragraph\">The discussions further emphasized the importance of journalists working collectively and building stronger networks with civil society organizations, media organizations and other relevant stakeholders to promote media freedom and protect civic space.<\/p>\n\n\n\n<figure class=\"wp-block-image size-large is-resized\"><img loading=\"lazy\" decoding=\"async\" width=\"1030\" height=\"686\" src=\"https:\/\/civicwatch.cm\/wp-content\/uploads\/2026\/09\/image-5-1030x686.jpeg\" alt=\"\" class=\"wp-image-926\" style=\"aspect-ratio:1.4986376021798364;width:786px;height:auto\" srcset=\"https:\/\/civicwatch.cm\/wp-content\/uploads\/2026\/09\/image-5-1030x686.jpeg 1030w, https:\/\/civicwatch.cm\/wp-content\/uploads\/2026\/09\/image-5-300x200.jpeg 300w, https:\/\/civicwatch.cm\/wp-content\/uploads\/2026\/09\/image-5-18x12.jpeg 18w, https:\/\/civicwatch.cm\/wp-content\/uploads\/2026\/09\/image-5-767x511.jpeg 767w, https:\/\/civicwatch.cm\/wp-content\/uploads\/2026\/09\/image-5-1536x1024.jpeg 1536w, https:\/\/civicwatch.cm\/wp-content\/uploads\/2026\/09\/image-5-705x470.jpeg 705w, https:\/\/civicwatch.cm\/wp-content\/uploads\/2026\/09\/image-5-1500x1000.jpeg 1500w, https:\/\/civicwatch.cm\/wp-content\/uploads\/2026\/09\/image-5.jpeg 2048w\" sizes=\"auto, (max-width: 1030px) 100vw, 1030px\" \/><\/figure>\n\n\n\n<p class=\"wp-block-paragraph\">Acknowledging the difficult realities journalists face in the course of their work, seasoned journalist and facilitator Sah Terence reminded participants of their duties and responsibilities to the communities they serve.<\/p>\n\n\n\n<p class=\"wp-block-paragraph\">His reflections underscored the relationship between rights and responsibility, with the reminder that \u201cwhen we have rights, we have responsibilities.\u201d He also emphasized the importance of prioritizing personal safety, reminding journalists that \u201cno story is worth your life.\u201d<\/p>\n\n\n\n<p class=\"wp-block-paragraph\">For the journalists who participated, the workshop was an opportunity to acquire new knowledge, a space to reflect on the realities of the profession in the region, share experiences and consider how they can continue contributing to informed decision making processes ,an engaged and resilient society while protecting themselves and those they report on.<\/p>\n\n\n\n<figure class=\"wp-block-image size-large is-resized\"><img loading=\"lazy\" decoding=\"async\" width=\"1030\" height=\"686\" src=\"https:\/\/civicwatch.cm\/wp-content\/uploads\/2026\/09\/image-4-1030x686.jpeg\" alt=\"\" class=\"wp-image-925\" style=\"aspect-ratio:1.5013698630136987;width:772px;height:auto\" srcset=\"https:\/\/civicwatch.cm\/wp-content\/uploads\/2026\/09\/image-4-1030x686.jpeg 1030w, https:\/\/civicwatch.cm\/wp-content\/uploads\/2026\/09\/image-4-300x200.jpeg 300w, https:\/\/civicwatch.cm\/wp-content\/uploads\/2026\/09\/image-4-18x12.jpeg 18w, https:\/\/civicwatch.cm\/wp-content\/uploads\/2026\/09\/image-4-767x511.jpeg 767w, https:\/\/civicwatch.cm\/wp-content\/uploads\/2026\/09\/image-4-1500x1000.jpeg 1500w, https:\/\/civicwatch.cm\/wp-content\/uploads\/2026\/09\/image-4-1536x1024.jpeg 1536w, https:\/\/civicwatch.cm\/wp-content\/uploads\/2026\/09\/image-4-705x470.jpeg 705w, https:\/\/civicwatch.cm\/wp-content\/uploads\/2026\/09\/image-4.jpeg 2048w\" sizes=\"auto, (max-width: 1030px) 100vw, 1030px\" \/><\/figure>","protected":false},"excerpt":{"rendered":"<p>Journalists in Bamenda continue to navigate a challenging media environment marked by misinformation, hate speech, discrimination, online harassment, digital security threats, restrictions on civic space and violations of their rights. These challenges affect the ability of journalists to effectively inform citizens, promote transparency and accountability, amplify the voices of marginalized communities, encourage civic participation and [&hellip;]<\/p>\n","protected":false},"author":1,"featured_media":927,"comment_status":"open","ping_status":"open","sticky":false,"template":"","format":"standard","meta":{"footnotes":""},"categories":[5],"tags":[],"class_list":["post-923","post","type-post","status-publish","format-standard","has-post-thumbnail","hentry","category-hatefreecameroon"],"yoast_head":"<!-- This site is optimized with the Yoast SEO plugin v28.4 - https:\/\/yoast.com\/product\/yoast-seo-wordpress\/ -->\n<title>Strengthening Civic Space: Journalists in Bamenda Build Skills to Respond to Media Repression, Digital Threats - Association Civic Watch<\/title>\n<meta name=\"robots\" content=\"index, follow, max-snippet:-1, max-image-preview:large, max-video-preview:-1\" \/>\n<link rel=\"canonical\" href=\"https:\/\/civicwatch.cm\/fr\/strengthening-civic-space-journalists-in-bamenda-build-skills-to-respond-to-media-repression-digital-threats\/\" \/>\n<meta property=\"og:locale\" content=\"fr_FR\" \/>\n<meta property=\"og:type\" content=\"article\" \/>\n<meta property=\"og:title\" content=\"Strengthening Civic Space: Journalists in Bamenda Build Skills to Respond to Media Repression, Digital Threats - Association Civic Watch\" \/>\n<meta property=\"og:description\" content=\"Journalists in Bamenda continue to navigate a challenging media environment marked by misinformation, hate speech, discrimination, online harassment, digital security threats, restrictions on civic space and violations of their rights. These challenges affect the ability of journalists to effectively inform citizens, promote transparency and accountability, amplify the voices of marginalized communities, encourage civic participation and [&hellip;]\" \/>\n<meta property=\"og:url\" content=\"https:\/\/civicwatch.cm\/fr\/strengthening-civic-space-journalists-in-bamenda-build-skills-to-respond-to-media-repression-digital-threats\/\" \/>\n<meta property=\"og:site_name\" content=\"Association Civic Watch\" \/>\n<meta property=\"article:publisher\" content=\"https:\/\/www.facebook.com\/CivicWatchCameroon\/\" \/>\n<meta property=\"article:published_time\" content=\"2026-09-01T09:40:18+00:00\" \/>\n<meta property=\"article:modified_time\" content=\"2026-09-02T09:40:53+00:00\" \/>\n<meta property=\"og:image\" content=\"https:\/\/civicwatch.cm\/wp-content\/uploads\/2026\/09\/image-1.png\" \/>\n\t<meta property=\"og:image:width\" content=\"1280\" \/>\n\t<meta property=\"og:image:height\" content=\"853\" \/>\n\t<meta property=\"og:image:type\" content=\"image\/png\" \/>\n<meta name=\"author\" content=\"admin\" \/>\n<meta name=\"twitter:card\" content=\"summary_large_image\" \/>\n<meta name=\"twitter:creator\" content=\"@civic_watch\" \/>\n<meta name=\"twitter:site\" content=\"@civic_watch\" \/>\n<meta name=\"twitter:label1\" content=\"\u00c9crit par\" \/>\n\t<meta name=\"twitter:data1\" content=\"admin\" \/>\n\t<meta name=\"twitter:label2\" content=\"Dur\u00e9e de lecture estim\u00e9e\" \/>\n\t<meta name=\"twitter:data2\" content=\"4 minutes\" \/>\n<script type=\"application\/ld+json\" class=\"yoast-schema-graph\">{\"@context\":\"https:\\\/\\\/schema.org\",\"@graph\":[{\"@type\":\"Article\",\"@id\":\"https:\\\/\\\/civicwatch.cm\\\/strengthening-civic-space-journalists-in-bamenda-build-skills-to-respond-to-media-repression-digital-threats\\\/#article\",\"isPartOf\":{\"@id\":\"https:\\\/\\\/civicwatch.cm\\\/strengthening-civic-space-journalists-in-bamenda-build-skills-to-respond-to-media-repression-digital-threats\\\/\"},\"author\":{\"name\":\"admin\",\"@id\":\"https:\\\/\\\/civicwatch.cm\\\/#\\\/schema\\\/person\\\/7f184229c8e6e0fdb6bd28ec1a0b59dc\"},\"headline\":\"Strengthening Civic Space: Journalists in Bamenda Build Skills to Respond to Media Repression, Digital Threats\",\"datePublished\":\"2026-09-01T09:40:18+00:00\",\"dateModified\":\"2026-09-02T09:40:53+00:00\",\"mainEntityOfPage\":{\"@id\":\"https:\\\/\\\/civicwatch.cm\\\/strengthening-civic-space-journalists-in-bamenda-build-skills-to-respond-to-media-repression-digital-threats\\\/\"},\"wordCount\":551,\"commentCount\":0,\"publisher\":{\"@id\":\"https:\\\/\\\/civicwatch.cm\\\/#organization\"},\"image\":{\"@id\":\"https:\\\/\\\/civicwatch.cm\\\/strengthening-civic-space-journalists-in-bamenda-build-skills-to-respond-to-media-repression-digital-threats\\\/#primaryimage\"},\"thumbnailUrl\":\"https:\\\/\\\/civicwatch.cm\\\/wp-content\\\/uploads\\\/2026\\\/09\\\/image-1.png\",\"articleSection\":[\"HateFreeCameroon\"],\"inLanguage\":\"fr-FR\",\"potentialAction\":[{\"@type\":\"CommentAction\",\"name\":\"Comment\",\"target\":[\"https:\\\/\\\/civicwatch.cm\\\/strengthening-civic-space-journalists-in-bamenda-build-skills-to-respond-to-media-repression-digital-threats\\\/#respond\"]}]},{\"@type\":\"WebPage\",\"@id\":\"https:\\\/\\\/civicwatch.cm\\\/strengthening-civic-space-journalists-in-bamenda-build-skills-to-respond-to-media-repression-digital-threats\\\/\",\"url\":\"https:\\\/\\\/civicwatch.cm\\\/strengthening-civic-space-journalists-in-bamenda-build-skills-to-respond-to-media-repression-digital-threats\\\/\",\"name\":\"Strengthening Civic Space: Journalists in Bamenda Build Skills to Respond to Media Repression, Digital Threats - Association Civic Watch\",\"isPartOf\":{\"@id\":\"https:\\\/\\\/civicwatch.cm\\\/#website\"},\"primaryImageOfPage\":{\"@id\":\"https:\\\/\\\/civicwatch.cm\\\/strengthening-civic-space-journalists-in-bamenda-build-skills-to-respond-to-media-repression-digital-threats\\\/#primaryimage\"},\"image\":{\"@id\":\"https:\\\/\\\/civicwatch.cm\\\/strengthening-civic-space-journalists-in-bamenda-build-skills-to-respond-to-media-repression-digital-threats\\\/#primaryimage\"},\"thumbnailUrl\":\"https:\\\/\\\/civicwatch.cm\\\/wp-content\\\/uploads\\\/2026\\\/09\\\/image-1.png\",\"datePublished\":\"2026-09-01T09:40:18+00:00\",\"dateModified\":\"2026-09-02T09:40:53+00:00\",\"breadcrumb\":{\"@id\":\"https:\\\/\\\/civicwatch.cm\\\/strengthening-civic-space-journalists-in-bamenda-build-skills-to-respond-to-media-repression-digital-threats\\\/#breadcrumb\"},\"inLanguage\":\"fr-FR\",\"potentialAction\":[{\"@type\":\"ReadAction\",\"target\":[\"https:\\\/\\\/civicwatch.cm\\\/strengthening-civic-space-journalists-in-bamenda-build-skills-to-respond-to-media-repression-digital-threats\\\/\"]}]},{\"@type\":\"ImageObject\",\"inLanguage\":\"fr-FR\",\"@id\":\"https:\\\/\\\/civicwatch.cm\\\/strengthening-civic-space-journalists-in-bamenda-build-skills-to-respond-to-media-repression-digital-threats\\\/#primaryimage\",\"url\":\"https:\\\/\\\/civicwatch.cm\\\/wp-content\\\/uploads\\\/2026\\\/09\\\/image-1.png\",\"contentUrl\":\"https:\\\/\\\/civicwatch.cm\\\/wp-content\\\/uploads\\\/2026\\\/09\\\/image-1.png\",\"width\":1280,\"height\":853},{\"@type\":\"BreadcrumbList\",\"@id\":\"https:\\\/\\\/civicwatch.cm\\\/strengthening-civic-space-journalists-in-bamenda-build-skills-to-respond-to-media-repression-digital-threats\\\/#breadcrumb\",\"itemListElement\":[{\"@type\":\"ListItem\",\"position\":1,\"name\":\"Home\",\"item\":\"https:\\\/\\\/civicwatch.cm\\\/welcome\\\/\"},{\"@type\":\"ListItem\",\"position\":2,\"name\":\"Strengthening Civic Space: Journalists in Bamenda Build Skills to Respond to Media Repression, Digital Threats\"}]},{\"@type\":\"WebSite\",\"@id\":\"https:\\\/\\\/civicwatch.cm\\\/#website\",\"url\":\"https:\\\/\\\/civicwatch.cm\\\/\",\"name\":\"Association Civic Watch\",\"description\":\"community mobilisation to counter hateful rhetoric\",\"publisher\":{\"@id\":\"https:\\\/\\\/civicwatch.cm\\\/#organization\"},\"potentialAction\":[{\"@type\":\"SearchAction\",\"target\":{\"@type\":\"EntryPoint\",\"urlTemplate\":\"https:\\\/\\\/civicwatch.cm\\\/?s={search_term_string}\"},\"query-input\":{\"@type\":\"PropertyValueSpecification\",\"valueRequired\":true,\"valueName\":\"search_term_string\"}}],\"inLanguage\":\"fr-FR\"},{\"@type\":\"Organization\",\"@id\":\"https:\\\/\\\/civicwatch.cm\\\/#organization\",\"name\":\"Association Civic Watch\",\"url\":\"https:\\\/\\\/civicwatch.cm\\\/\",\"logo\":{\"@type\":\"ImageObject\",\"inLanguage\":\"fr-FR\",\"@id\":\"https:\\\/\\\/civicwatch.cm\\\/#\\\/schema\\\/logo\\\/image\\\/\",\"url\":\"https:\\\/\\\/civicwatch.cm\\\/wp-content\\\/uploads\\\/2021\\\/11\\\/sq_association-civic-watch.png\",\"contentUrl\":\"https:\\\/\\\/civicwatch.cm\\\/wp-content\\\/uploads\\\/2021\\\/11\\\/sq_association-civic-watch.png\",\"width\":624,\"height\":624,\"caption\":\"Association Civic Watch\"},\"image\":{\"@id\":\"https:\\\/\\\/civicwatch.cm\\\/#\\\/schema\\\/logo\\\/image\\\/\"},\"sameAs\":[\"https:\\\/\\\/www.facebook.com\\\/CivicWatchCameroon\\\/\",\"https:\\\/\\\/x.com\\\/civic_watch\"]},{\"@type\":\"Person\",\"@id\":\"https:\\\/\\\/civicwatch.cm\\\/#\\\/schema\\\/person\\\/7f184229c8e6e0fdb6bd28ec1a0b59dc\",\"name\":\"admin\",\"image\":{\"@type\":\"ImageObject\",\"inLanguage\":\"fr-FR\",\"@id\":\"https:\\\/\\\/secure.gravatar.com\\\/avatar\\\/0fd08d862248eb975b62ca34013ac82cf467c7b72bdc88f89274dd741fe7d6bb?s=96&d=mm&r=g\",\"url\":\"https:\\\/\\\/secure.gravatar.com\\\/avatar\\\/0fd08d862248eb975b62ca34013ac82cf467c7b72bdc88f89274dd741fe7d6bb?s=96&d=mm&r=g\",\"contentUrl\":\"https:\\\/\\\/secure.gravatar.com\\\/avatar\\\/0fd08d862248eb975b62ca34013ac82cf467c7b72bdc88f89274dd741fe7d6bb?s=96&d=mm&r=g\",\"caption\":\"admin\"},\"sameAs\":[\"https:\\\/\\\/civicwatch.cm\"],\"url\":\"https:\\\/\\\/civicwatch.cm\\\/fr\\\/author\\\/admin-2\\\/\"}]}<\/script>\n<!-- \/ Yoast SEO plugin. -->","yoast_head_json":{"title":"Strengthening Civic Space: Journalists in Bamenda Build Skills to Respond to Media Repression, Digital Threats - Association Civic Watch","robots":{"index":"index","follow":"follow","max-snippet":"max-snippet:-1","max-image-preview":"max-image-preview:large","max-video-preview":"max-video-preview:-1"},"canonical":"https:\/\/civicwatch.cm\/fr\/strengthening-civic-space-journalists-in-bamenda-build-skills-to-respond-to-media-repression-digital-threats\/","og_locale":"fr_FR","og_type":"article","og_title":"Strengthening Civic Space: Journalists in Bamenda Build Skills to Respond to Media Repression, Digital Threats - Association Civic Watch","og_description":"Journalists in Bamenda continue to navigate a challenging media environment marked by misinformation, hate speech, discrimination, online harassment, digital security threats, restrictions on civic space and violations of their rights. These challenges affect the ability of journalists to effectively inform citizens, promote transparency and accountability, amplify the voices of marginalized communities, encourage civic participation and [&hellip;]","og_url":"https:\/\/civicwatch.cm\/fr\/strengthening-civic-space-journalists-in-bamenda-build-skills-to-respond-to-media-repression-digital-threats\/","og_site_name":"Association Civic Watch","article_publisher":"https:\/\/www.facebook.com\/CivicWatchCameroon\/","article_published_time":"2026-09-01T09:40:18+00:00","article_modified_time":"2026-09-02T09:40:53+00:00","og_image":[{"width":1280,"height":853,"url":"https:\/\/civicwatch.cm\/wp-content\/uploads\/2026\/09\/image-1.png","type":"image\/png"}],"author":"admin","twitter_card":"summary_large_image","twitter_creator":"@civic_watch","twitter_site":"@civic_watch","twitter_misc":{"\u00c9crit par":"admin","Dur\u00e9e de lecture estim\u00e9e":"4 minutes"},"schema":{"@context":"https:\/\/schema.org","@graph":[{"@type":"Article","@id":"https:\/\/civicwatch.cm\/strengthening-civic-space-journalists-in-bamenda-build-skills-to-respond-to-media-repression-digital-threats\/#article","isPartOf":{"@id":"https:\/\/civicwatch.cm\/strengthening-civic-space-journalists-in-bamenda-build-skills-to-respond-to-media-repression-digital-threats\/"},"author":{"name":"admin","@id":"https:\/\/civicwatch.cm\/#\/schema\/person\/7f184229c8e6e0fdb6bd28ec1a0b59dc"},"headline":"Strengthening Civic Space: Journalists in Bamenda Build Skills to Respond to Media Repression, Digital Threats","datePublished":"2026-09-01T09:40:18+00:00","dateModified":"2026-09-02T09:40:53+00:00","mainEntityOfPage":{"@id":"https:\/\/civicwatch.cm\/strengthening-civic-space-journalists-in-bamenda-build-skills-to-respond-to-media-repression-digital-threats\/"},"wordCount":551,"commentCount":0,"publisher":{"@id":"https:\/\/civicwatch.cm\/#organization"},"image":{"@id":"https:\/\/civicwatch.cm\/strengthening-civic-space-journalists-in-bamenda-build-skills-to-respond-to-media-repression-digital-threats\/#primaryimage"},"thumbnailUrl":"https:\/\/civicwatch.cm\/wp-content\/uploads\/2026\/09\/image-1.png","articleSection":["HateFreeCameroon"],"inLanguage":"fr-FR","potentialAction":[{"@type":"CommentAction","name":"Comment","target":["https:\/\/civicwatch.cm\/strengthening-civic-space-journalists-in-bamenda-build-skills-to-respond-to-media-repression-digital-threats\/#respond"]}]},{"@type":"WebPage","@id":"https:\/\/civicwatch.cm\/strengthening-civic-space-journalists-in-bamenda-build-skills-to-respond-to-media-repression-digital-threats\/","url":"https:\/\/civicwatch.cm\/strengthening-civic-space-journalists-in-bamenda-build-skills-to-respond-to-media-repression-digital-threats\/","name":"Strengthening Civic Space: Journalists in Bamenda Build Skills to Respond to Media Repression, Digital Threats - Association Civic Watch","isPartOf":{"@id":"https:\/\/civicwatch.cm\/#website"},"primaryImageOfPage":{"@id":"https:\/\/civicwatch.cm\/strengthening-civic-space-journalists-in-bamenda-build-skills-to-respond-to-media-repression-digital-threats\/#primaryimage"},"image":{"@id":"https:\/\/civicwatch.cm\/strengthening-civic-space-journalists-in-bamenda-build-skills-to-respond-to-media-repression-digital-threats\/#primaryimage"},"thumbnailUrl":"https:\/\/civicwatch.cm\/wp-content\/uploads\/2026\/09\/image-1.png","datePublished":"2026-09-01T09:40:18+00:00","dateModified":"2026-09-02T09:40:53+00:00","breadcrumb":{"@id":"https:\/\/civicwatch.cm\/strengthening-civic-space-journalists-in-bamenda-build-skills-to-respond-to-media-repression-digital-threats\/#breadcrumb"},"inLanguage":"fr-FR","potentialAction":[{"@type":"ReadAction","target":["https:\/\/civicwatch.cm\/strengthening-civic-space-journalists-in-bamenda-build-skills-to-respond-to-media-repression-digital-threats\/"]}]},{"@type":"ImageObject","inLanguage":"fr-FR","@id":"https:\/\/civicwatch.cm\/strengthening-civic-space-journalists-in-bamenda-build-skills-to-respond-to-media-repression-digital-threats\/#primaryimage","url":"https:\/\/civicwatch.cm\/wp-content\/uploads\/2026\/09\/image-1.png","contentUrl":"https:\/\/civicwatch.cm\/wp-content\/uploads\/2026\/09\/image-1.png","width":1280,"height":853},{"@type":"BreadcrumbList","@id":"https:\/\/civicwatch.cm\/strengthening-civic-space-journalists-in-bamenda-build-skills-to-respond-to-media-repression-digital-threats\/#breadcrumb","itemListElement":[{"@type":"ListItem","position":1,"name":"Home","item":"https:\/\/civicwatch.cm\/welcome\/"},{"@type":"ListItem","position":2,"name":"Strengthening Civic Space: Journalists in Bamenda Build Skills to Respond to Media Repression, Digital Threats"}]},{"@type":"WebSite","@id":"https:\/\/civicwatch.cm\/#website","url":"https:\/\/civicwatch.cm\/","name":"Association Civic Watch","description":"community mobilisation to counter hateful rhetoric","publisher":{"@id":"https:\/\/civicwatch.cm\/#organization"},"potentialAction":[{"@type":"SearchAction","target":{"@type":"EntryPoint","urlTemplate":"https:\/\/civicwatch.cm\/?s={search_term_string}"},"query-input":{"@type":"PropertyValueSpecification","valueRequired":true,"valueName":"search_term_string"}}],"inLanguage":"fr-FR"},{"@type":"Organization","@id":"https:\/\/civicwatch.cm\/#organization","name":"Association Civic Watch","url":"https:\/\/civicwatch.cm\/","logo":{"@type":"ImageObject","inLanguage":"fr-FR","@id":"https:\/\/civicwatch.cm\/#\/schema\/logo\/image\/","url":"https:\/\/civicwatch.cm\/wp-content\/uploads\/2021\/11\/sq_association-civic-watch.png","contentUrl":"https:\/\/civicwatch.cm\/wp-content\/uploads\/2021\/11\/sq_association-civic-watch.png","width":624,"height":624,"caption":"Association Civic Watch"},"image":{"@id":"https:\/\/civicwatch.cm\/#\/schema\/logo\/image\/"},"sameAs":["https:\/\/www.facebook.com\/CivicWatchCameroon\/","https:\/\/x.com\/civic_watch"]},{"@type":"Person","@id":"https:\/\/civicwatch.cm\/#\/schema\/person\/7f184229c8e6e0fdb6bd28ec1a0b59dc","name":"admin","image":{"@type":"ImageObject","inLanguage":"fr-FR","@id":"https:\/\/secure.gravatar.com\/avatar\/0fd08d862248eb975b62ca34013ac82cf467c7b72bdc88f89274dd741fe7d6bb?s=96&d=mm&r=g","url":"https:\/\/secure.gravatar.com\/avatar\/0fd08d862248eb975b62ca34013ac82cf467c7b72bdc88f89274dd741fe7d6bb?s=96&d=mm&r=g","contentUrl":"https:\/\/secure.gravatar.com\/avatar\/0fd08d862248eb975b62ca34013ac82cf467c7b72bdc88f89274dd741fe7d6bb?s=96&d=mm&r=g","caption":"admin"},"sameAs":["https:\/\/civicwatch.cm"],"url":"https:\/\/civicwatch.cm\/fr\/author\/admin-2\/"}]}},"rttpg_featured_image_url":{"full":["https:\/\/civicwatch.cm\/wp-content\/uploads\/2026\/09\/image-1.png",1280,853,false],"landscape":["https:\/\/civicwatch.cm\/wp-content\/uploads\/2026\/09\/image-1.png",1280,853,false],"portraits":["https:\/\/civicwatch.cm\/wp-content\/uploads\/2026\/09\/image-1.png",1280,853,false],"thumbnail":["https:\/\/civicwatch.cm\/wp-content\/uploads\/2026\/09\/image-1-80x80.png",80,80,true],"medium":["https:\/\/civicwatch.cm\/wp-content\/uploads\/2026\/09\/image-1-300x200.png",300,200,true],"large":["https:\/\/civicwatch.cm\/wp-content\/uploads\/2026\/09\/image-1-1030x686.png",1030,686,true],"1536x1536":["https:\/\/civicwatch.cm\/wp-content\/uploads\/2026\/09\/image-1.png",1280,853,false],"2048x2048":["https:\/\/civicwatch.cm\/wp-content\/uploads\/2026\/09\/image-1.png",1280,853,false],"trp-custom-language-flag":["https:\/\/civicwatch.cm\/wp-content\/uploads\/2026\/09\/image-1-18x12.png",18,12,true],"widget":["https:\/\/civicwatch.cm\/wp-content\/uploads\/2026\/09\/image-1-36x36.png",36,36,true],"square":["https:\/\/civicwatch.cm\/wp-content\/uploads\/2026\/09\/image-1-180x180.png",180,180,true],"featured":["https:\/\/civicwatch.cm\/wp-content\/uploads\/2026\/09\/image-1-1280x430.png",1280,430,true],"featured_large":["https:\/\/civicwatch.cm\/wp-content\/uploads\/2026\/09\/image-1-1280x630.png",1280,630,true],"extra_large":["https:\/\/civicwatch.cm\/wp-content\/uploads\/2026\/09\/image-1.png",1280,853,false],"portfolio":["https:\/\/civicwatch.cm\/wp-content\/uploads\/2026\/09\/image-1-495x400.png",495,400,true],"portfolio_small":["https:\/\/civicwatch.cm\/wp-content\/uploads\/2026\/09\/image-1-260x185.png",260,185,true],"gallery":["https:\/\/civicwatch.cm\/wp-content\/uploads\/2026\/09\/image-1-845x684.png",845,684,true],"magazine":["https:\/\/civicwatch.cm\/wp-content\/uploads\/2026\/09\/image-1-710x375.png",710,375,true],"masonry":["https:\/\/civicwatch.cm\/wp-content\/uploads\/2026\/09\/image-1-705x470.png",705,470,true],"entry_with_sidebar":["https:\/\/civicwatch.cm\/wp-content\/uploads\/2026\/09\/image-1-845x321.png",845,321,true],"entry_without_sidebar":["https:\/\/civicwatch.cm\/wp-content\/uploads\/2026\/09\/image-1-1210x423.png",1210,423,true]},"rttpg_author":{"display_name":"admin","author_link":"https:\/\/civicwatch.cm\/fr\/author\/admin-2\/"},"rttpg_comment":0,"rttpg_category":"<a href=\"https:\/\/civicwatch.cm\/fr\/category\/hatefreecameroon\/\" rel=\"category tag\">HateFreeCameroon<\/a>","rttpg_excerpt":"Journalists in Bamenda continue to navigate a challenging media environment marked by misinformation, hate speech, discrimination, online harassment, digital security threats, restrictions on civic space and violations of their rights. These challenges affect the ability of journalists to effectively inform citizens, promote transparency and accountability, amplify the voices of marginalized communities, encourage civic participation and\u2026","_links":{"self":[{"href":"https:\/\/civicwatch.cm\/fr\/wp-json\/wp\/v2\/posts\/923","targetHints":{"allow":["GET"]}}],"collection":[{"href":"https:\/\/civicwatch.cm\/fr\/wp-json\/wp\/v2\/posts"}],"about":[{"href":"https:\/\/civicwatch.cm\/fr\/wp-json\/wp\/v2\/types\/post"}],"author":[{"embeddable":true,"href":"https:\/\/civicwatch.cm\/fr\/wp-json\/wp\/v2\/users\/1"}],"replies":[{"embeddable":true,"href":"https:\/\/civicwatch.cm\/fr\/wp-json\/wp\/v2\/comments?post=923"}],"version-history":[{"count":2,"href":"https:\/\/civicwatch.cm\/fr\/wp-json\/wp\/v2\/posts\/923\/revisions"}],"predecessor-version":[{"id":929,"href":"https:\/\/civicwatch.cm\/fr\/wp-json\/wp\/v2\/posts\/923\/revisions\/929"}],"wp:featuredmedia":[{"embeddable":true,"href":"https:\/\/civicwatch.cm\/fr\/wp-json\/wp\/v2\/media\/927"}],"wp:attachment":[{"href":"https:\/\/civicwatch.cm\/fr\/wp-json\/wp\/v2\/media?parent=923"}],"wp:term":[{"taxonomy":"category","embeddable":true,"href":"https:\/\/civicwatch.cm\/fr\/wp-json\/wp\/v2\/categories?post=923"},{"taxonomy":"post_tag","embeddable":true,"href":"https:\/\/civicwatch.cm\/fr\/wp-json\/wp\/v2\/tags?post=923"}],"curies":[{"name":"wp","href":"https:\/\/api.w.org\/{rel}","templated":true}]}}